{"id":1421,"date":"2018-02-20T10:29:41","date_gmt":"2018-02-20T10:29:41","guid":{"rendered":"http:\/\/relauch2018.apps-1and1.net\/markenarchitektur-bmw-kieler-woche\/"},"modified":"2018-08-31T09:15:20","modified_gmt":"2018-08-31T09:15:20","slug":"markenarchitektur-bmw-kieler-woche","status":"publish","type":"post","link":"https:\/\/studio.interiorpark.com\/en\/markenarchitektur-bmw-kieler-woche\/","title":{"rendered":"BMW Kieler Woche"},"content":{"rendered":"<div id='full_slider_1'  class='avia-fullwidth-slider main_color avia-shadow   avia-builder-el-0  el_before_av_two_fifth  avia-builder-el-first   container_wrap sidebar_right'  ><div  class='avia-slideshow av-jldkvria-d2eb2bff7197816a1becf07c58138616 avia-slideshow-featured av_slideshow_full avia-slide-slider av-slideshow-ui av-control-default av-slideshow-autoplay av-loop-endless av-loop-manual-endless av-default-height-applied   avia-slideshow-1' data-slideshow-options=\"{&quot;animation&quot;:&quot;slide&quot;,&quot;autoplay&quot;:true,&quot;loop_autoplay&quot;:&quot;endless&quot;,&quot;interval&quot;:5,&quot;loop_manual&quot;:&quot;manual-endless&quot;,&quot;autoplay_stopper&quot;:false,&quot;noNavigation&quot;:false,&quot;bg_slider&quot;:false,&quot;keep_padding&quot;:false,&quot;hoverpause&quot;:false,&quot;show_slide_delay&quot;:0}\"  itemprop=\"image\" itemscope=\"itemscope\" itemtype=\"https:\/\/schema.org\/ImageObject\" ><ul class='avia-slideshow-inner ' style='padding-bottom: 35.833333333333%;'><li  class='avia-slideshow-slide av-jldkvria-d2eb2bff7197816a1becf07c58138616__0  slide-1 slide-odd'><div data-rel='slideshow-1' class='avia-slide-wrap '   ><img decoding=\"async\" fetchpriority=\"high\" class=\"wp-image-1280 avia-img-lazy-loading-not-1280\"  src=\"https:\/\/studio.interiorpark.com\/wp-content\/uploads\/2018\/08\/Doku_Aufbau_25-1200x430.jpg\" width=\"1200\" height=\"430\" title='Doku_Aufbau_25' alt=''  itemprop=\"thumbnailUrl\"   \/><\/div><\/li><li  class='avia-slideshow-slide av-jldkvria-d2eb2bff7197816a1becf07c58138616__1  slide-2 slide-even'><div data-rel='slideshow-1' class='avia-slide-wrap '   ><img decoding=\"async\" fetchpriority=\"high\" class=\"wp-image-1286 avia-img-lazy-loading-not-1286\"  src=\"https:\/\/studio.interiorpark.com\/wp-content\/uploads\/2018\/08\/kielerwoche_2006_029-1500x430.jpg\" width=\"1500\" height=\"430\" title='kielerwoche_2006_029' alt=''  itemprop=\"thumbnailUrl\"   \/><\/div><\/li><li  class='avia-slideshow-slide av-jldkvria-d2eb2bff7197816a1becf07c58138616__2  slide-3 slide-odd'><div data-rel='slideshow-1' class='avia-slide-wrap '   ><img decoding=\"async\" fetchpriority=\"high\" class=\"wp-image-1288 avia-img-lazy-loading-not-1288\"  src=\"https:\/\/studio.interiorpark.com\/wp-content\/uploads\/2018\/08\/kielerwoche_2006_034-1500x430.jpg\" width=\"1500\" height=\"430\" title='kielerwoche_2006_034' alt=''  itemprop=\"thumbnailUrl\"   \/><\/div><\/li><li  class='avia-slideshow-slide av-jldkvria-d2eb2bff7197816a1becf07c58138616__3  slide-4 slide-even'><div data-rel='slideshow-1' class='avia-slide-wrap '   ><img decoding=\"async\" fetchpriority=\"high\" class=\"wp-image-1292 avia-img-lazy-loading-not-1292\"  src=\"https:\/\/studio.interiorpark.com\/wp-content\/uploads\/2018\/08\/kielerwoche_2006_036-1500x430.jpg\" width=\"1500\" height=\"430\" title='kielerwoche_2006_036' alt=''  itemprop=\"thumbnailUrl\"   \/><\/div><\/li><\/ul><div class='avia-slideshow-arrows avia-slideshow-controls' ><a href='#prev' class='prev-slide ' aria-hidden='true' data-av_icon='\ue87c' data-av_iconfont='entypo-fontello'  tabindex='-1'>Previous<\/a><a href='#next' class='next-slide ' aria-hidden='true' data-av_icon='\ue87d' data-av_iconfont='entypo-fontello'  tabindex='-1'>Next<\/a><\/div><div class='avia-slideshow-dots avia-slideshow-controls'><a href='#1' class='goto-slide active' >1<\/a><a href='#2' class='goto-slide ' >2<\/a><a href='#3' class='goto-slide ' >3<\/a><a href='#4' class='goto-slide ' >4<\/a><\/div><\/div><\/div><div id='after_full_slider_1'  class='main_color av_default_container_wrap container_wrap sidebar_right'  ><div class='container av-section-cont-open' ><div class='template-page content  av-content-small alpha units'><div class='post-entry post-entry-type-page post-entry-1421'><div class='entry-content-wrapper clearfix'>\n\n<style type=\"text\/css\" data-created_by=\"avia_inline_auto\" id=\"style-css-av-g21jv-c72f170132de3dad2b951d0168ef73b8\">\n.flex_column.av-g21jv-c72f170132de3dad2b951d0168ef73b8{\nborder-radius:0px 0px 0px 0px;\npadding:0px 0px 0px 0px;\n}\n<\/style>\n<div  class='flex_column av-g21jv-c72f170132de3dad2b951d0168ef73b8 av_two_fifth  avia-builder-el-1  el_after_av_slideshow_full  el_before_av_three_fifth  avia-builder-el-first  first flex_column_div av-zero-column-padding  '     ><\/div>\n\n<style type=\"text\/css\" data-created_by=\"avia_inline_auto\" id=\"style-css-av-l96p-4a4ff4a9745453f5f1ef7f95c705a101\">\n.flex_column.av-l96p-4a4ff4a9745453f5f1ef7f95c705a101{\nborder-radius:0px 0px 0px 0px;\npadding:0px 0px 0px 0px;\n}\n<\/style>\n<div  class='flex_column av-l96p-4a4ff4a9745453f5f1ef7f95c705a101 av_three_fifth  avia-builder-el-2  el_after_av_two_fifth  el_before_av_one_full  flex_column_div av-zero-column-padding  '     ><\/div>\n\n<style type=\"text\/css\" data-created_by=\"avia_inline_auto\" id=\"style-css-av-47rn-29726301b2bc60134e73948b7487a891\">\n.flex_column.av-47rn-29726301b2bc60134e73948b7487a891{\nborder-radius:0px 0px 0px 0px;\npadding:0px 0px 0px 0px;\n}\n<\/style>\n<div  class='flex_column av-47rn-29726301b2bc60134e73948b7487a891 av_one_full  avia-builder-el-3  el_after_av_three_fifth  el_before_av_textblock  first flex_column_div av-zero-column-padding  '     ><\/div>\n<section  class='av_textblock_section av-jknz89y5-b70df6588681519ad27e0a2dd655eca8 '   itemscope=\"itemscope\" itemtype=\"https:\/\/schema.org\/BlogPosting\" itemprop=\"blogPost\" ><div class='avia_textblock'  itemprop=\"text\" ><p>Tina Kammer verantwortete von 2004 &#8211; 2007 die Konzeption des Markenauftritts von BMW Segelsport bei der Kieler Woche . Sie war als Architektin bei der Meeseargentur George P. Johnson, Stuttgart t\u00e4tig. Ihre Aufgaben bestanden in der Gestaltung und Produktionsleitung, sowie Aufbaukoordination des Kieler Bootshafens f\u00fcr rund 600.000 Besucher und der Wettkampfst\u00e4tte Schilksee.<\/p>\n<\/div><\/section>\n","protected":false},"excerpt":{"rendered":"","protected":false},"author":1,"featured_media":1280,"comment_status":"open","ping_status":"open","sticky":false,"template":"","format":"standard","meta":{"footnotes":""},"categories":[101,40],"tags":[],"class_list":["post-1421","post","type-post","status-publish","format-standard","has-post-thumbnail","hentry","category-corporate-interiors-en","category-exhibitions-and-fairs"],"yoast_head":"<!-- This site is optimized with the Yoast SEO plugin v27.5 - https:\/\/yoast.com\/product\/yoast-seo-wordpress\/ -->\n<title>BMW Kieler Woche - InteriorPark. Projekte Innenarchitektur &amp; Architektur<\/title>\n<meta name=\"description\" content=\"Spezialisiert auf Corporate Interior Design Konzepte, Markenarchitektur und tempor\u00e4re Bauten, Messe und Ausstellung.\" \/>\n<meta name=\"robots\" content=\"index, follow, max-snippet:-1, max-image-preview:large, max-video-preview:-1\" \/>\n<link rel=\"canonical\" href=\"https:\/\/studio.interiorpark.com\/en\/markenarchitektur-bmw-kieler-woche\/\" \/>\n<meta property=\"og:locale\" content=\"en_US\" \/>\n<meta property=\"og:type\" content=\"article\" \/>\n<meta property=\"og:title\" content=\"BMW Kieler Woche - InteriorPark. Projekte Innenarchitektur &amp; Architektur\" \/>\n<meta property=\"og:description\" content=\"Spezialisiert auf Corporate Interior Design Konzepte, Markenarchitektur und tempor\u00e4re Bauten, Messe und Ausstellung.\" \/>\n<meta property=\"og:url\" content=\"https:\/\/studio.interiorpark.com\/en\/markenarchitektur-bmw-kieler-woche\/\" \/>\n<meta property=\"og:site_name\" content=\"InteriorPark. Projekte Innenarchitektur &amp; Architektur\" \/>\n<meta property=\"article:published_time\" content=\"2018-02-20T10:29:41+00:00\" \/>\n<meta property=\"article:modified_time\" content=\"2018-08-31T09:15:20+00:00\" \/>\n<meta property=\"og:image\" content=\"https:\/\/studio.interiorpark.com\/wp-content\/uploads\/2018\/08\/Doku_Aufbau_25.jpg\" \/>\n\t<meta property=\"og:image:width\" content=\"1200\" \/>\n\t<meta property=\"og:image:height\" content=\"800\" \/>\n\t<meta property=\"og:image:type\" content=\"image\/jpeg\" \/>\n<meta name=\"author\" content=\"interiorpark\" \/>\n<meta name=\"twitter:card\" content=\"summary_large_image\" \/>\n<meta name=\"twitter:label1\" content=\"Written by\" \/>\n\t<meta name=\"twitter:data1\" content=\"interiorpark\" \/>\n\t<meta name=\"twitter:label2\" content=\"Est. reading time\" \/>\n\t<meta name=\"twitter:data2\" content=\"4 minutes\" \/>\n<script type=\"application\/ld+json\" class=\"yoast-schema-graph\">{\"@context\":\"https:\\\/\\\/schema.org\",\"@graph\":[{\"@type\":\"Article\",\"@id\":\"https:\\\/\\\/studio.interiorpark.com\\\/en\\\/markenarchitektur-bmw-kieler-woche\\\/#article\",\"isPartOf\":{\"@id\":\"https:\\\/\\\/studio.interiorpark.com\\\/en\\\/markenarchitektur-bmw-kieler-woche\\\/\"},\"author\":{\"name\":\"interiorpark\",\"@id\":\"https:\\\/\\\/studio.interiorpark.com\\\/#\\\/schema\\\/person\\\/75675fd32576edd13b153b719c437cfd\"},\"headline\":\"BMW Kieler Woche\",\"datePublished\":\"2018-02-20T10:29:41+00:00\",\"dateModified\":\"2018-08-31T09:15:20+00:00\",\"mainEntityOfPage\":{\"@id\":\"https:\\\/\\\/studio.interiorpark.com\\\/en\\\/markenarchitektur-bmw-kieler-woche\\\/\"},\"wordCount\":873,\"commentCount\":0,\"image\":{\"@id\":\"https:\\\/\\\/studio.interiorpark.com\\\/en\\\/markenarchitektur-bmw-kieler-woche\\\/#primaryimage\"},\"thumbnailUrl\":\"https:\\\/\\\/studio.interiorpark.com\\\/wp-content\\\/uploads\\\/2018\\\/08\\\/Doku_Aufbau_25.jpg\",\"articleSection\":[\"Corporate Interiors\",\"Exhibitions &amp; Fairs\"],\"inLanguage\":\"en-US\",\"potentialAction\":[{\"@type\":\"CommentAction\",\"name\":\"Comment\",\"target\":[\"https:\\\/\\\/studio.interiorpark.com\\\/en\\\/markenarchitektur-bmw-kieler-woche\\\/#respond\"]}]},{\"@type\":\"WebPage\",\"@id\":\"https:\\\/\\\/studio.interiorpark.com\\\/en\\\/markenarchitektur-bmw-kieler-woche\\\/\",\"url\":\"https:\\\/\\\/studio.interiorpark.com\\\/en\\\/markenarchitektur-bmw-kieler-woche\\\/\",\"name\":\"BMW Kieler Woche - InteriorPark. Projekte Innenarchitektur &amp; Architektur\",\"isPartOf\":{\"@id\":\"https:\\\/\\\/studio.interiorpark.com\\\/#website\"},\"primaryImageOfPage\":{\"@id\":\"https:\\\/\\\/studio.interiorpark.com\\\/en\\\/markenarchitektur-bmw-kieler-woche\\\/#primaryimage\"},\"image\":{\"@id\":\"https:\\\/\\\/studio.interiorpark.com\\\/en\\\/markenarchitektur-bmw-kieler-woche\\\/#primaryimage\"},\"thumbnailUrl\":\"https:\\\/\\\/studio.interiorpark.com\\\/wp-content\\\/uploads\\\/2018\\\/08\\\/Doku_Aufbau_25.jpg\",\"datePublished\":\"2018-02-20T10:29:41+00:00\",\"dateModified\":\"2018-08-31T09:15:20+00:00\",\"author\":{\"@id\":\"https:\\\/\\\/studio.interiorpark.com\\\/#\\\/schema\\\/person\\\/75675fd32576edd13b153b719c437cfd\"},\"description\":\"Spezialisiert auf Corporate Interior Design Konzepte, Markenarchitektur und tempor\u00e4re Bauten, Messe und Ausstellung.\",\"breadcrumb\":{\"@id\":\"https:\\\/\\\/studio.interiorpark.com\\\/en\\\/markenarchitektur-bmw-kieler-woche\\\/#breadcrumb\"},\"inLanguage\":\"en-US\",\"potentialAction\":[{\"@type\":\"ReadAction\",\"target\":[\"https:\\\/\\\/studio.interiorpark.com\\\/en\\\/markenarchitektur-bmw-kieler-woche\\\/\"]}]},{\"@type\":\"ImageObject\",\"inLanguage\":\"en-US\",\"@id\":\"https:\\\/\\\/studio.interiorpark.com\\\/en\\\/markenarchitektur-bmw-kieler-woche\\\/#primaryimage\",\"url\":\"https:\\\/\\\/studio.interiorpark.com\\\/wp-content\\\/uploads\\\/2018\\\/08\\\/Doku_Aufbau_25.jpg\",\"contentUrl\":\"https:\\\/\\\/studio.interiorpark.com\\\/wp-content\\\/uploads\\\/2018\\\/08\\\/Doku_Aufbau_25.jpg\",\"width\":1200,\"height\":800},{\"@type\":\"BreadcrumbList\",\"@id\":\"https:\\\/\\\/studio.interiorpark.com\\\/en\\\/markenarchitektur-bmw-kieler-woche\\\/#breadcrumb\",\"itemListElement\":[{\"@type\":\"ListItem\",\"position\":1,\"name\":\"Startseite\",\"item\":\"https:\\\/\\\/studio.interiorpark.com\\\/en\\\/\"},{\"@type\":\"ListItem\",\"position\":2,\"name\":\"BMW Kieler Woche\"}]},{\"@type\":\"WebSite\",\"@id\":\"https:\\\/\\\/studio.interiorpark.com\\\/#website\",\"url\":\"https:\\\/\\\/studio.interiorpark.com\\\/\",\"name\":\"InteriorPark. Projekte Innenarchitektur &amp; Architektur\",\"description\":\"Creating Sustainable Spaces\",\"potentialAction\":[{\"@type\":\"SearchAction\",\"target\":{\"@type\":\"EntryPoint\",\"urlTemplate\":\"https:\\\/\\\/studio.interiorpark.com\\\/?s={search_term_string}\"},\"query-input\":{\"@type\":\"PropertyValueSpecification\",\"valueRequired\":true,\"valueName\":\"search_term_string\"}}],\"inLanguage\":\"en-US\"},{\"@type\":\"Person\",\"@id\":\"https:\\\/\\\/studio.interiorpark.com\\\/#\\\/schema\\\/person\\\/75675fd32576edd13b153b719c437cfd\",\"name\":\"interiorpark\",\"image\":{\"@type\":\"ImageObject\",\"inLanguage\":\"en-US\",\"@id\":\"https:\\\/\\\/secure.gravatar.com\\\/avatar\\\/0122007a77e707ccd062da887d89ef535738b30ad7b74f294583a724791668ce?s=96&d=mm&r=g\",\"url\":\"https:\\\/\\\/secure.gravatar.com\\\/avatar\\\/0122007a77e707ccd062da887d89ef535738b30ad7b74f294583a724791668ce?s=96&d=mm&r=g\",\"contentUrl\":\"https:\\\/\\\/secure.gravatar.com\\\/avatar\\\/0122007a77e707ccd062da887d89ef535738b30ad7b74f294583a724791668ce?s=96&d=mm&r=g\",\"caption\":\"interiorpark\"},\"url\":\"https:\\\/\\\/studio.interiorpark.com\\\/en\\\/author\\\/interiorpark\\\/\"}]}<\/script>\n<!-- \/ Yoast SEO plugin. -->","yoast_head_json":{"title":"BMW Kieler Woche - InteriorPark. Projekte Innenarchitektur &amp; Architektur","description":"Spezialisiert auf Corporate Interior Design Konzepte, Markenarchitektur und tempor\u00e4re Bauten, Messe und Ausstellung.","robots":{"index":"index","follow":"follow","max-snippet":"max-snippet:-1","max-image-preview":"max-image-preview:large","max-video-preview":"max-video-preview:-1"},"canonical":"https:\/\/studio.interiorpark.com\/en\/markenarchitektur-bmw-kieler-woche\/","og_locale":"en_US","og_type":"article","og_title":"BMW Kieler Woche - InteriorPark. Projekte Innenarchitektur &amp; Architektur","og_description":"Spezialisiert auf Corporate Interior Design Konzepte, Markenarchitektur und tempor\u00e4re Bauten, Messe und Ausstellung.","og_url":"https:\/\/studio.interiorpark.com\/en\/markenarchitektur-bmw-kieler-woche\/","og_site_name":"InteriorPark. Projekte Innenarchitektur &amp; Architektur","article_published_time":"2018-02-20T10:29:41+00:00","article_modified_time":"2018-08-31T09:15:20+00:00","og_image":[{"width":1200,"height":800,"url":"https:\/\/studio.interiorpark.com\/wp-content\/uploads\/2018\/08\/Doku_Aufbau_25.jpg","type":"image\/jpeg"}],"author":"interiorpark","twitter_card":"summary_large_image","twitter_misc":{"Written by":"interiorpark","Est. reading time":"4 minutes"},"schema":{"@context":"https:\/\/schema.org","@graph":[{"@type":"Article","@id":"https:\/\/studio.interiorpark.com\/en\/markenarchitektur-bmw-kieler-woche\/#article","isPartOf":{"@id":"https:\/\/studio.interiorpark.com\/en\/markenarchitektur-bmw-kieler-woche\/"},"author":{"name":"interiorpark","@id":"https:\/\/studio.interiorpark.com\/#\/schema\/person\/75675fd32576edd13b153b719c437cfd"},"headline":"BMW Kieler Woche","datePublished":"2018-02-20T10:29:41+00:00","dateModified":"2018-08-31T09:15:20+00:00","mainEntityOfPage":{"@id":"https:\/\/studio.interiorpark.com\/en\/markenarchitektur-bmw-kieler-woche\/"},"wordCount":873,"commentCount":0,"image":{"@id":"https:\/\/studio.interiorpark.com\/en\/markenarchitektur-bmw-kieler-woche\/#primaryimage"},"thumbnailUrl":"https:\/\/studio.interiorpark.com\/wp-content\/uploads\/2018\/08\/Doku_Aufbau_25.jpg","articleSection":["Corporate Interiors","Exhibitions &amp; Fairs"],"inLanguage":"en-US","potentialAction":[{"@type":"CommentAction","name":"Comment","target":["https:\/\/studio.interiorpark.com\/en\/markenarchitektur-bmw-kieler-woche\/#respond"]}]},{"@type":"WebPage","@id":"https:\/\/studio.interiorpark.com\/en\/markenarchitektur-bmw-kieler-woche\/","url":"https:\/\/studio.interiorpark.com\/en\/markenarchitektur-bmw-kieler-woche\/","name":"BMW Kieler Woche - InteriorPark. Projekte Innenarchitektur &amp; Architektur","isPartOf":{"@id":"https:\/\/studio.interiorpark.com\/#website"},"primaryImageOfPage":{"@id":"https:\/\/studio.interiorpark.com\/en\/markenarchitektur-bmw-kieler-woche\/#primaryimage"},"image":{"@id":"https:\/\/studio.interiorpark.com\/en\/markenarchitektur-bmw-kieler-woche\/#primaryimage"},"thumbnailUrl":"https:\/\/studio.interiorpark.com\/wp-content\/uploads\/2018\/08\/Doku_Aufbau_25.jpg","datePublished":"2018-02-20T10:29:41+00:00","dateModified":"2018-08-31T09:15:20+00:00","author":{"@id":"https:\/\/studio.interiorpark.com\/#\/schema\/person\/75675fd32576edd13b153b719c437cfd"},"description":"Spezialisiert auf Corporate Interior Design Konzepte, Markenarchitektur und tempor\u00e4re Bauten, Messe und Ausstellung.","breadcrumb":{"@id":"https:\/\/studio.interiorpark.com\/en\/markenarchitektur-bmw-kieler-woche\/#breadcrumb"},"inLanguage":"en-US","potentialAction":[{"@type":"ReadAction","target":["https:\/\/studio.interiorpark.com\/en\/markenarchitektur-bmw-kieler-woche\/"]}]},{"@type":"ImageObject","inLanguage":"en-US","@id":"https:\/\/studio.interiorpark.com\/en\/markenarchitektur-bmw-kieler-woche\/#primaryimage","url":"https:\/\/studio.interiorpark.com\/wp-content\/uploads\/2018\/08\/Doku_Aufbau_25.jpg","contentUrl":"https:\/\/studio.interiorpark.com\/wp-content\/uploads\/2018\/08\/Doku_Aufbau_25.jpg","width":1200,"height":800},{"@type":"BreadcrumbList","@id":"https:\/\/studio.interiorpark.com\/en\/markenarchitektur-bmw-kieler-woche\/#breadcrumb","itemListElement":[{"@type":"ListItem","position":1,"name":"Startseite","item":"https:\/\/studio.interiorpark.com\/en\/"},{"@type":"ListItem","position":2,"name":"BMW Kieler Woche"}]},{"@type":"WebSite","@id":"https:\/\/studio.interiorpark.com\/#website","url":"https:\/\/studio.interiorpark.com\/","name":"InteriorPark. Projekte Innenarchitektur &amp; Architektur","description":"Creating Sustainable Spaces","potentialAction":[{"@type":"SearchAction","target":{"@type":"EntryPoint","urlTemplate":"https:\/\/studio.interiorpark.com\/?s={search_term_string}"},"query-input":{"@type":"PropertyValueSpecification","valueRequired":true,"valueName":"search_term_string"}}],"inLanguage":"en-US"},{"@type":"Person","@id":"https:\/\/studio.interiorpark.com\/#\/schema\/person\/75675fd32576edd13b153b719c437cfd","name":"interiorpark","image":{"@type":"ImageObject","inLanguage":"en-US","@id":"https:\/\/secure.gravatar.com\/avatar\/0122007a77e707ccd062da887d89ef535738b30ad7b74f294583a724791668ce?s=96&d=mm&r=g","url":"https:\/\/secure.gravatar.com\/avatar\/0122007a77e707ccd062da887d89ef535738b30ad7b74f294583a724791668ce?s=96&d=mm&r=g","contentUrl":"https:\/\/secure.gravatar.com\/avatar\/0122007a77e707ccd062da887d89ef535738b30ad7b74f294583a724791668ce?s=96&d=mm&r=g","caption":"interiorpark"},"url":"https:\/\/studio.interiorpark.com\/en\/author\/interiorpark\/"}]}},"_links":{"self":[{"href":"https:\/\/studio.interiorpark.com\/en\/wp-json\/wp\/v2\/posts\/1421","targetHints":{"allow":["GET"]}}],"collection":[{"href":"https:\/\/studio.interiorpark.com\/en\/wp-json\/wp\/v2\/posts"}],"about":[{"href":"https:\/\/studio.interiorpark.com\/en\/wp-json\/wp\/v2\/types\/post"}],"author":[{"embeddable":true,"href":"https:\/\/studio.interiorpark.com\/en\/wp-json\/wp\/v2\/users\/1"}],"replies":[{"embeddable":true,"href":"https:\/\/studio.interiorpark.com\/en\/wp-json\/wp\/v2\/comments?post=1421"}],"version-history":[{"count":1,"href":"https:\/\/studio.interiorpark.com\/en\/wp-json\/wp\/v2\/posts\/1421\/revisions"}],"predecessor-version":[{"id":1422,"href":"https:\/\/studio.interiorpark.com\/en\/wp-json\/wp\/v2\/posts\/1421\/revisions\/1422"}],"wp:featuredmedia":[{"embeddable":true,"href":"https:\/\/studio.interiorpark.com\/en\/wp-json\/wp\/v2\/media\/1280"}],"wp:attachment":[{"href":"https:\/\/studio.interiorpark.com\/en\/wp-json\/wp\/v2\/media?parent=1421"}],"wp:term":[{"taxonomy":"category","embeddable":true,"href":"https:\/\/studio.interiorpark.com\/en\/wp-json\/wp\/v2\/categories?post=1421"},{"taxonomy":"post_tag","embeddable":true,"href":"https:\/\/studio.interiorpark.com\/en\/wp-json\/wp\/v2\/tags?post=1421"}],"curies":[{"name":"wp","href":"https:\/\/api.w.org\/{rel}","templated":true}]}}